{"id":220,"date":"2019-09-18T14:32:41","date_gmt":"2019-09-18T14:32:41","guid":{"rendered":"https:\/\/serwer2632961.hosting-home.pl\/heroes\/?p=220"},"modified":"2019-10-14T13:56:57","modified_gmt":"2019-10-14T13:56:57","slug":"pierwsi-uczestnicy-startup-heroes-zaprezentowali-efekty-swoich-prac","status":"publish","type":"post","link":"https:\/\/www.technopark.elk.pl\/heroes\/aktualnosci\/pierwsi-uczestnicy-startup-heroes-zaprezentowali-efekty-swoich-prac\/","title":{"rendered":"Pierwsi uczestnicy Startup Heroes zaprezentowali efekty swoich prac"},"content":{"rendered":"\n<p><strong>16 wrze\u015bnia start-up&#8217;y inkubuj\u0105ce si\u0119 w Parku Naukowo-Technologicznym w E\u0142ku mia\u0142y pierwsz\u0105 okazj\u0119 do zaprezentowania swoich pomys\u0142\u00f3w i efekt\u00f3w p\u00f3\u0142rocznej pracy nad ich wdro\u017ceniem. Wysoki merytoryczny poziom dyskusji dobrze rokuje dalszym pracom nad przygotowywanymi produktami.<\/strong><\/p>\n\n\n\n<p>Spotkanie, kt\u00f3re odby\u0142o si\u0119 16 wrze\u015bnia 2019 roku w Parku Naukowo-Technologicznym w E\u0142ku zgromadzi\u0142o 7 zespo\u0142\u00f3w pracuj\u0105cych nad inkubacj\u0105 nowych, innowacyjnych produkt\u00f3w w ramach projektu Platforma startowa dla nowych pomys\u0142\u00f3w \u201eStartup Heroes\u201d. Po panelu eksperckim, kt\u00f3ry odby\u0142 si\u0119 wiosn\u0105 tego roku by\u0142a to pierwsza publiczna prezentacja naszych startup\u2019\u00f3w i pierwsze krytyczne i merytoryczne spojrzenie na efekty ich pracy. W spotkaniu wzi\u0119\u0142o udzia\u0142 liczne grono ekspert\u00f3w, reprezentuj\u0105cych inwestor\u00f3w zainteresowanych wspieraniem innowacyjnych pomys\u0142\u00f3w biznesowych.<\/p>\n\n\n\n<p>Podczas spotkania ka\u017cdy ze start-up\u2019\u00f3w mia\u0142 10 minut na zaprezentowanie swojego pomys\u0142u, po czym nast\u0119powa\u0142o 10 minut przeznaczone na pytania eksperckie. Eksperci bior\u0105cy udzia\u0142 w wydarzeniu \u2013 uczestnicz\u0105cy cz\u0119sto w tego typu panelach \u2013 podkre\u015blali bardzo dobre przygotowanie start-up\u2019\u00f3w do prezentacji i wysoki poziom merytoryczny dyskusji. Pytania eksperckie i p\u00f3\u017aniejsza dyskusja by\u0142y okazj\u0105 do zwr\u00f3cenia uwagi na s\u0142abe strony przygotowywanych produkt\u00f3w i doj\u015bcie do konstruktywnych wniosk\u00f3w na przysz\u0142o\u015b\u0107. Nie do przecenienia by\u0142a tak\u017ce mo\u017cliwo\u015b\u0107 pozyskania znacznych \u015brodk\u00f3w od inwestor\u00f3w zewn\u0119trznych obecnych na spotkaniu. <\/p>\n\n\n\n<p>W I cyklu inkubacji Startup Heroes bior\u0105 udzia\u0142 22 startup\u2019y, z czego 7 w Parku Naukowo-Technologicznym w E\u0142ku, a 15 w Olszty\u0144skim Parku Naukowo-Technologicznym. Start-up\u2019y zosta\u0142y wybrane po selekcji pomys\u0142\u00f3w z ca\u0142ego kraju. E\u0142ckie start-up\u2019y reprezentuj\u0105 bran\u017ce rolnicz\u0105, sportow\u0105, IT, HR i odnawialnych \u017ar\u00f3de\u0142 energii. Przez ostatnie p\u00f3\u0142 roku cz\u0142onkowie zespo\u0142\u00f3w start-up\u2019\u00f3w pracowali pod okiem Menad\u017cer\u00f3w Inkubacji nad Indywidualnymi Programami Inkubacji. W ramach programu Menad\u017cer nadzorowa\u0142 prace nad ocen\u0105 rynkow\u0105 produktu, analiz\u0105 potrzeb klienta, wizualizacj\u0105 i rozpoznawalno\u015bci\u0105 marki oraz przede wszystkim nad urynkowieniem produktu. Opr\u00f3cz opieki do\u015bwiadczonego menad\u017cera&nbsp; w start-up\u2019y uczestnicz\u0105ce w projekcie mog\u0105 skorzysta\u0107 z porad prawnych, finansowych czy szkole\u0144 z zakresu pitchingu. Kolejny cykl rozpoczyna si\u0119 ju\u017c 1 stycznia 2020 roku, a w ci\u0105gu 4 lat trwania projektu przeprowadzimy 6 cykli, w trakcie kt\u00f3rych wsp\u00f3lnie z Olszty\u0144skim Parkiem Naukowo-Technologicznym wyinkubujemy 132 nowe firmy. Efektem spotkania b\u0119d\u0105 rekomendacje dla ka\u017cdego ze start-up\u2019\u00f3w, kt\u00f3re b\u0119d\u0105 brane pod uwag\u0119 podczas ubiegania si\u0119 o dofinansowanie w wysoko\u015bci maksymalnie 1 mln z\u0142 z programu Polska Wschodnia obs\u0142ugiwanego przez Polsk\u0105 Agencj\u0119 Rozwoju Przedsi\u0119biorczo\u015bci. <\/p>\n","protected":false},"excerpt":{"rendered":"<p>16 wrze\u015bnia start-up&#8217;y inkubuj\u0105ce si\u0119 w Parku Naukowo-Technologicznym w E\u0142ku mia\u0142y pierwsz\u0105 okazj\u0119 do zaprezentowania swoich pomys\u0142\u00f3w i efekt\u00f3w p\u00f3\u0142rocznej pracy nad ich wdro\u017ceniem. Wysoki merytoryczny poziom dyskusji dobrze rokuje dalszym pracom nad przygotowywanymi produktami. Spotkanie, kt\u00f3re odby\u0142o si\u0119 16 wrze\u015bnia 2019 roku w Parku Naukowo-Technologicznym w E\u0142ku zgromadzi\u0142o 7 zespo\u0142\u00f3w pracuj\u0105cych nad inkubacj\u0105 nowych,&hellip;<\/p>\n<p class=\"more-link\"><a href=\"https:\/\/www.technopark.elk.pl\/heroes\/aktualnosci\/pierwsi-uczestnicy-startup-heroes-zaprezentowali-efekty-swoich-prac\/\" class=\"themebutton\">Read More<\/a><\/p>\n","protected":false},"author":1,"featured_media":0,"comment_status":"closed","ping_status":"closed","sticky":false,"template":"","format":"standard","meta":{"footnotes":""},"categories":[4],"tags":[],"class_list":["post-220","post","type-post","status-publish","format-standard","hentry","category-aktualnosci"],"_links":{"self":[{"href":"https:\/\/www.technopark.elk.pl\/heroes\/wp-json\/wp\/v2\/posts\/220","targetHints":{"allow":["GET"]}}],"collection":[{"href":"https:\/\/www.technopark.elk.pl\/heroes\/wp-json\/wp\/v2\/posts"}],"about":[{"href":"https:\/\/www.technopark.elk.pl\/heroes\/wp-json\/wp\/v2\/types\/post"}],"author":[{"embeddable":true,"href":"https:\/\/www.technopark.elk.pl\/heroes\/wp-json\/wp\/v2\/users\/1"}],"replies":[{"embeddable":true,"href":"https:\/\/www.technopark.elk.pl\/heroes\/wp-json\/wp\/v2\/comments?post=220"}],"version-history":[{"count":2,"href":"https:\/\/www.technopark.elk.pl\/heroes\/wp-json\/wp\/v2\/posts\/220\/revisions"}],"predecessor-version":[{"id":229,"href":"https:\/\/www.technopark.elk.pl\/heroes\/wp-json\/wp\/v2\/posts\/220\/revisions\/229"}],"wp:attachment":[{"href":"https:\/\/www.technopark.elk.pl\/heroes\/wp-json\/wp\/v2\/media?parent=220"}],"wp:term":[{"taxonomy":"category","embeddable":true,"href":"https:\/\/www.technopark.elk.pl\/heroes\/wp-json\/wp\/v2\/categories?post=220"},{"taxonomy":"post_tag","embeddable":true,"href":"https:\/\/www.technopark.elk.pl\/heroes\/wp-json\/wp\/v2\/tags?post=220"}],"curies":[{"name":"wp","href":"https:\/\/api.w.org\/{rel}","templated":true}]}}