{"id":603,"date":"2022-03-15T07:56:55","date_gmt":"2022-03-15T07:56:55","guid":{"rendered":"https:\/\/serwer2632961.hosting-home.pl\/heroes\/?p=603"},"modified":"2022-03-15T07:58:03","modified_gmt":"2022-03-15T07:58:03","slug":"wyniki-ii-etapu-oceny-pomyslow-panelu-ekspertow","status":"publish","type":"post","link":"https:\/\/www.technopark.elk.pl\/heroes\/uncategorized\/wyniki-ii-etapu-oceny-pomyslow-panelu-ekspertow\/","title":{"rendered":"Wyniki II etapu oceny pomys\u0142\u00f3w &#8211; Panelu Ekspert\u00f3w."},"content":{"rendered":"\n<p>W wyniku I etapu oceny wniosk\u00f3w &nbsp;przed V cyklem inkubacji, wy\u0142oniono 50 Pomys\u0142odawc\u00f3w, kt\u00f3rzy zakwalifikowali si\u0119 do II etapu oceny &#8211;&nbsp; Panelu Ekspert\u00f3w.&nbsp;<\/p>\n\n\n\n<p>Pomys\u0142odawcy Ci w dniach 9-11.03.2022 r. zaprezentowali swoje pomys\u0142y przed Panelem Ekspert\u00f3w.&nbsp;W drodze &nbsp;dyskusji i g\u0142osowania wy\u0142oniono 22 Pomys\u0142odawc\u00f3w, kt\u00f3rzy po za\u0142o\u017ceniu sp\u00f3\u0142ki kapita\u0142owej i podpisaniu umowy inkubacji rozpoczn\u0105 proces inkubacji.<\/p>\n\n\n\n<p>V cykl inkubacji rozpocznie si\u0119 od 1.04.2022 r. i potrwa do 30.09.2022 r.<\/p>\n\n\n\n<p>Za\u0142\u0105czamy list\u0119 22 zakwalifikowanych oraz list\u0119 rezerwow\u0105.<\/p>\n\n\n\n<p>Pomys\u0142odawcy zakwalifikowani do procesu inkubacji otrzymaj\u0105 wiadomo\u015b\u0107 mailow\u0105 dotycz\u0105c\u0105 zasad zwi\u0105zanych z za\u0142o\u017ceniem sp\u00f3\u0142ki kapita\u0142owej i &nbsp;podpisaniem umowy inkubacji w PNT E\u0142k lub OPNT.<\/p>\n\n\n\n<p><a href=\"https:\/\/opnt.olsztyn.eu\/fileadmin\/introduction\/images\/features\/14.03.Lista_22_zakwalifikowanych.pdf\">LISTA ZAKWALIFIKOWANYCH<\/a><\/p>\n\n\n\n<p><a href=\"https:\/\/opnt.olsztyn.eu\/fileadmin\/introduction\/images\/features\/14.03.Lista_rezerwowa.pdf\">LISTA REZERWOWA<\/a><\/p>\n\n\n\n<p><\/p>\n","protected":false},"excerpt":{"rendered":"<p>W wyniku I etapu oceny wniosk\u00f3w &nbsp;przed V cyklem inkubacji, wy\u0142oniono 50 Pomys\u0142odawc\u00f3w, kt\u00f3rzy zakwalifikowali si\u0119 do II etapu oceny &#8211;&nbsp; Panelu Ekspert\u00f3w.&nbsp; Pomys\u0142odawcy Ci w dniach 9-11.03.2022 r. zaprezentowali swoje pomys\u0142y przed Panelem Ekspert\u00f3w.&nbsp;W drodze &nbsp;dyskusji i g\u0142osowania wy\u0142oniono 22 Pomys\u0142odawc\u00f3w, kt\u00f3rzy po za\u0142o\u017ceniu sp\u00f3\u0142ki kapita\u0142owej i podpisaniu umowy inkubacji rozpoczn\u0105 proces inkubacji. V&hellip;<\/p>\n<p class=\"more-link\"><a href=\"https:\/\/www.technopark.elk.pl\/heroes\/uncategorized\/wyniki-ii-etapu-oceny-pomyslow-panelu-ekspertow\/\" class=\"themebutton\">Read More<\/a><\/p>\n","protected":false},"author":2,"featured_media":0,"comment_status":"open","ping_status":"open","sticky":false,"template":"","format":"standard","meta":{"footnotes":""},"categories":[1],"tags":[],"class_list":["post-603","post","type-post","status-publish","format-standard","hentry","category-uncategorized"],"_links":{"self":[{"href":"https:\/\/www.technopark.elk.pl\/heroes\/wp-json\/wp\/v2\/posts\/603","targetHints":{"allow":["GET"]}}],"collection":[{"href":"https:\/\/www.technopark.elk.pl\/heroes\/wp-json\/wp\/v2\/posts"}],"about":[{"href":"https:\/\/www.technopark.elk.pl\/heroes\/wp-json\/wp\/v2\/types\/post"}],"author":[{"embeddable":true,"href":"https:\/\/www.technopark.elk.pl\/heroes\/wp-json\/wp\/v2\/users\/2"}],"replies":[{"embeddable":true,"href":"https:\/\/www.technopark.elk.pl\/heroes\/wp-json\/wp\/v2\/comments?post=603"}],"version-history":[{"count":2,"href":"https:\/\/www.technopark.elk.pl\/heroes\/wp-json\/wp\/v2\/posts\/603\/revisions"}],"predecessor-version":[{"id":605,"href":"https:\/\/www.technopark.elk.pl\/heroes\/wp-json\/wp\/v2\/posts\/603\/revisions\/605"}],"wp:attachment":[{"href":"https:\/\/www.technopark.elk.pl\/heroes\/wp-json\/wp\/v2\/media?parent=603"}],"wp:term":[{"taxonomy":"category","embeddable":true,"href":"https:\/\/www.technopark.elk.pl\/heroes\/wp-json\/wp\/v2\/categories?post=603"},{"taxonomy":"post_tag","embeddable":true,"href":"https:\/\/www.technopark.elk.pl\/heroes\/wp-json\/wp\/v2\/tags?post=603"}],"curies":[{"name":"wp","href":"https:\/\/api.w.org\/{rel}","templated":true}]}}