{"id":677,"date":"2023-03-09T09:20:19","date_gmt":"2023-03-09T09:20:19","guid":{"rendered":"https:\/\/serwer2632961.hosting-home.pl\/heroes\/?p=677"},"modified":"2023-03-09T09:20:19","modified_gmt":"2023-03-09T09:20:19","slug":"warsztaty-z-wystapien-publicznych","status":"publish","type":"post","link":"https:\/\/www.technopark.elk.pl\/heroes\/uncategorized\/warsztaty-z-wystapien-publicznych\/","title":{"rendered":"Warsztaty z wyst\u0105pie\u0144 publicznych."},"content":{"rendered":"\n<p>Startupy z VI rundy Startup Heroes ju\u017c 10 marca 2023 r. zapraszamy do udzia\u0142u w warsztatach z wyst\u0105pie\u0144 publicznych.<\/p>\n\n\n\n<p>Warsztaty \u00a0b\u0119d\u0105 \u00a0\u00a0doskona\u0142\u0105 okazj\u0105 do wzbogacenia swojej wiedzy i umiej\u0119tno\u015bci z zakresu prezentacji podczas uzyskiwania rekomendacji b\u0119d\u0105cej podsumowaniem inkubacji. Podczas wydarzenia Time of Heroes b\u0119d\u0105 Pastwo prezentowali osi\u0105gni\u0119cia \u00a0i rozw\u00f3j pomys\u0142u w procesie inkubacji.<\/p>\n\n\n\n<p>Celem szkolenia jest dostarczenie uczestnikom umiej\u0119tno\u015bci prezentowania swoich pomys\u0142\u00f3w w kr\u00f3tki, zwi\u0119z\u0142y i merytoryczny spos\u00f3b, aby by\u0142 on r\u00f3wnocze\u015bnie ciekawy dla odbiorcy. Ponadto przedstawione zostan\u0105 metody radzenia sobie ze stresem oraz najcz\u0119\u015bciej pope\u0142niane b\u0142\u0119dy podczas prezentowania.&nbsp;Uczestnicy naucz\u0105 si\u0119 tworzy\u0107 prezentacje inwestorskie (pitch deck) oraz przedstawia\u0107 je przed inwestorami, anio\u0142ami biznesu czy panelem ekspert\u00f3w Platformy Startowej.<\/p>\n\n\n\n<p><strong>Agenda:<\/strong><\/p>\n\n\n\n<p>\u25cf&nbsp;&nbsp;&nbsp;&nbsp;&nbsp;&nbsp;&nbsp;Om\u00f3wienie kwestii organizacyjnych i wprowadzenie do tematyki warsztatu<\/p>\n\n\n\n<p>\u25cf&nbsp;&nbsp;&nbsp;&nbsp;&nbsp;&nbsp;&nbsp;Rodzaje wyst\u0105pie\u0144 biznesowych<\/p>\n\n\n\n<p>\u25cf&nbsp;&nbsp;&nbsp;&nbsp;&nbsp;&nbsp;&nbsp;Metody radzenia sobie ze stresem,<\/p>\n\n\n\n<p>\u25cf&nbsp;&nbsp;&nbsp;&nbsp;&nbsp;&nbsp;&nbsp;Triki Storytellingu,<\/p>\n\n\n\n<p>\u25cf&nbsp;&nbsp;&nbsp;&nbsp;&nbsp;&nbsp;&nbsp;Prezentowanie swojego pomys\u0142u,<\/p>\n\n\n\n<p>\u25cf&nbsp;&nbsp;&nbsp;&nbsp;&nbsp;&nbsp;&nbsp;Om\u00f3wienie struktury prezentacji inwestorskiej \u2013 pitch deck<\/p>\n\n\n\n<p>\u25cf&nbsp;&nbsp;&nbsp;&nbsp;&nbsp;&nbsp;&nbsp;Przygotowanie prezentacji:<\/p>\n\n\n\n<p>&nbsp; &nbsp; &nbsp; &#8211;&nbsp; &nbsp;&nbsp;Przygotowanie prezentacji &#8211; warstwa tre\u015bci;<\/p>\n\n\n\n<p>&nbsp; &nbsp; &nbsp; &#8211;&nbsp; &nbsp;&nbsp;Przygotowanie prezentacji &#8211; warstwa struktury;<\/p>\n\n\n\n<p>&nbsp; &nbsp; &nbsp; &#8211;&nbsp; &nbsp;&nbsp;Przygotowanie prezentacji &#8211; warstwa wizualna;<\/p>\n\n\n\n<p>\u25cf&nbsp;&nbsp;&nbsp;&nbsp;&nbsp;&nbsp;&nbsp;Melodyka j\u0119zyka,<\/p>\n\n\n\n<p>\u25cf&nbsp;&nbsp;&nbsp;&nbsp;&nbsp;&nbsp;&nbsp;Mowa cia\u0142a podczas wyst\u0105pie\u0144,<\/p>\n\n\n\n<p>\u25cf&nbsp;&nbsp;&nbsp;&nbsp;&nbsp;&nbsp;&nbsp;Najcz\u0119stsze b\u0142\u0119dy w prezentacjach,<\/p>\n\n\n\n<p>\u25cf&nbsp;&nbsp;&nbsp;&nbsp;&nbsp;&nbsp;&nbsp;Dobre praktyki prezentacji publicznych,<\/p>\n\n\n\n<p>\u25cf&nbsp;&nbsp;&nbsp;&nbsp;&nbsp;&nbsp;&nbsp;Warsztaty \u2013 ka\u017cdy ze startup\u00f3w przedstawi sw\u00f3j projekt, zgodnie z wytycznymi oraz otrzyma feedback od prowadz\u0105cego<\/p>\n\n\n\n<p>\u25cf\u00a0\u00a0\u00a0\u00a0\u00a0\u00a0\u00a0Najcz\u0119\u015bciej zadawane pytania<\/p>\n\n\n\n<p><\/p>\n\n\n\n<h3 class=\"wp-block-heading\"><strong>\u0141ukasz Siemieniuk\/prowadz\u0105cy<\/strong><\/h3>\n\n\n\n<p>Doktor nauk ekonomicznych. Odkwietnia 2017 roku Dyrektor ds.sprzeda\u017cy w regionach w BusinessLinkPoland, odpowiedzialny za realizacj\u0119 plan\u00f3w sprzeda\u017cowych w poszczeg\u00f3lnych oddzia\u0142ach. Od sierpnia 2014 roku do kwietnia 2017 roku Partner Zarz\u0105dzaj\u0105cy w InkubatoryAIP, odpowiedzialny za region AIPBia\u0142ystok IAIPLublin. 8 lat pracy na stanowisku Dyrektora Akademickich Inkubator\u00f3w Przedsi\u0119biorczo\u015bci w Bia\u0142ymstoku. Asystent w Katedrze Finans\u00f3w, Rachunkowo\u015bcii Informatyki Wydzia\u0142u Ekonomiii Zarz\u0105dzania Uniwersytetu w Bia\u0142ymstoku Absolwent Uniwersytetu w Bia\u0142ymstoku oraz Wy\u017cszej Szko\u0142y Finans\u00f3wi Zarz\u0105dzania w Bia\u0142ymstoku. Szkoleniowiec z zakresu przedsi\u0119biorczo\u015bci akademickiej, system\u00f3w finansowo-ksi\u0119gowych; autor wielu publikacji dotycz\u0105cych zarz\u0105dzania kapita\u0142em intelektualnym, przedsi\u0119biorczo\u015bci akademickiej, informatycznych system\u00f3w zarz\u0105dzania. Dotychczas na rynek podlaski wprowadzi\u0142 oko\u0142o 200 firm, kt\u00f3re rozpoczyna\u0142y przygod\u0119 z biznesem jako StartUpy. Wsp\u00f3\u0142pracowa\u0142 z ponad 500 StartUpami. Wprowadza\u0142 r\u00f3wnie\u017c na rynek podlaski Ponad regionaln\u0105 Sie\u0107 Anio\u0142\u00f3w Biznesu \u2013 pe\u0142ni\u0105c funkcj\u0119 kierownika regionu, zajmuj\u0105c si\u0119 koordynowaniem dzia\u0142a\u0144 zwi\u0105zanych z pozyskiwaniem pomys\u0142odawc\u00f3w.<\/p>\n\n\n\n<figure class=\"wp-block-image size-large\"><a href=\"https:\/\/www.technopark.elk.pl\/heroes\/wp-content\/uploads\/2023\/03\/2023-Plakat-wystapienia-publiczne-scaled.jpg\"><img loading=\"lazy\" decoding=\"async\" width=\"724\" height=\"1024\" src=\"https:\/\/www.technopark.elk.pl\/heroes\/wp-content\/uploads\/2023\/03\/2023-Plakat-wystapienia-publiczne-724x1024.jpg\" alt=\"\" class=\"wp-image-678\" srcset=\"https:\/\/www.technopark.elk.pl\/heroes\/wp-content\/uploads\/2023\/03\/2023-Plakat-wystapienia-publiczne-724x1024.jpg 724w, https:\/\/www.technopark.elk.pl\/heroes\/wp-content\/uploads\/2023\/03\/2023-Plakat-wystapienia-publiczne-212x300.jpg 212w, https:\/\/www.technopark.elk.pl\/heroes\/wp-content\/uploads\/2023\/03\/2023-Plakat-wystapienia-publiczne-768x1086.jpg 768w, https:\/\/www.technopark.elk.pl\/heroes\/wp-content\/uploads\/2023\/03\/2023-Plakat-wystapienia-publiczne-1086x1536.jpg 1086w, https:\/\/www.technopark.elk.pl\/heroes\/wp-content\/uploads\/2023\/03\/2023-Plakat-wystapienia-publiczne-1448x2048.jpg 1448w, https:\/\/www.technopark.elk.pl\/heroes\/wp-content\/uploads\/2023\/03\/2023-Plakat-wystapienia-publiczne-scaled.jpg 1810w\" sizes=\"auto, (max-width: 724px) 100vw, 724px\" \/><\/a><\/figure>\n","protected":false},"excerpt":{"rendered":"<p>Startupy z VI rundy Startup Heroes ju\u017c 10 marca 2023 r. zapraszamy do udzia\u0142u w warsztatach z wyst\u0105pie\u0144 publicznych. Warsztaty \u00a0b\u0119d\u0105 \u00a0\u00a0doskona\u0142\u0105 okazj\u0105 do wzbogacenia swojej wiedzy i umiej\u0119tno\u015bci z zakresu prezentacji podczas uzyskiwania rekomendacji b\u0119d\u0105cej podsumowaniem inkubacji. Podczas wydarzenia Time of Heroes b\u0119d\u0105 Pastwo prezentowali osi\u0105gni\u0119cia \u00a0i rozw\u00f3j pomys\u0142u w procesie inkubacji. Celem szkolenia&hellip;<\/p>\n<p class=\"more-link\"><a href=\"https:\/\/www.technopark.elk.pl\/heroes\/uncategorized\/warsztaty-z-wystapien-publicznych\/\" class=\"themebutton\">Read More<\/a><\/p>\n","protected":false},"author":2,"featured_media":0,"comment_status":"closed","ping_status":"","sticky":false,"template":"","format":"standard","meta":{"footnotes":""},"categories":[1],"tags":[],"class_list":["post-677","post","type-post","status-publish","format-standard","hentry","category-uncategorized"],"_links":{"self":[{"href":"https:\/\/www.technopark.elk.pl\/heroes\/wp-json\/wp\/v2\/posts\/677","targetHints":{"allow":["GET"]}}],"collection":[{"href":"https:\/\/www.technopark.elk.pl\/heroes\/wp-json\/wp\/v2\/posts"}],"about":[{"href":"https:\/\/www.technopark.elk.pl\/heroes\/wp-json\/wp\/v2\/types\/post"}],"author":[{"embeddable":true,"href":"https:\/\/www.technopark.elk.pl\/heroes\/wp-json\/wp\/v2\/users\/2"}],"replies":[{"embeddable":true,"href":"https:\/\/www.technopark.elk.pl\/heroes\/wp-json\/wp\/v2\/comments?post=677"}],"version-history":[{"count":1,"href":"https:\/\/www.technopark.elk.pl\/heroes\/wp-json\/wp\/v2\/posts\/677\/revisions"}],"predecessor-version":[{"id":679,"href":"https:\/\/www.technopark.elk.pl\/heroes\/wp-json\/wp\/v2\/posts\/677\/revisions\/679"}],"wp:attachment":[{"href":"https:\/\/www.technopark.elk.pl\/heroes\/wp-json\/wp\/v2\/media?parent=677"}],"wp:term":[{"taxonomy":"category","embeddable":true,"href":"https:\/\/www.technopark.elk.pl\/heroes\/wp-json\/wp\/v2\/categories?post=677"},{"taxonomy":"post_tag","embeddable":true,"href":"https:\/\/www.technopark.elk.pl\/heroes\/wp-json\/wp\/v2\/tags?post=677"}],"curies":[{"name":"wp","href":"https:\/\/api.w.org\/{rel}","templated":true}]}}